{"id":2281,"date":"2016-07-17T18:40:41","date_gmt":"2016-07-17T17:40:41","guid":{"rendered":"http:\/\/www.astro-ge.net\/?p=2281"},"modified":"2016-07-17T18:51:05","modified_gmt":"2016-07-17T17:51:05","slug":"week-end-des-etoiles-2016","status":"publish","type":"post","link":"https:\/\/www.astro-ge.net\/?p=2281","title":{"rendered":"Week-end des \u00e9toiles 2016"},"content":{"rendered":"<p><iframe loading=\"lazy\" style=\"border: none; overflow: hidden; height: 80px;\" src=\"\/\/www.facebook.com\/plugins\/like.php?href=http%3A%2F%2Fwww.astro-ge.net%2F%3Fp%3D2281&amp;width&amp;layout=standard&amp;action=like&amp;show_faces=true&amp;share=true&amp;height=80\" width=\"300\" height=\"150\" frameborder=\"0\" scrolling=\"no\"><\/iframe><br \/>\nBonjour \u00e0 tous,<\/p>\n<p>La Soci\u00e9t\u00e9 Astronomique de Gen\u00e8ve sera pr\u00e9sente au \u00ab\u00a0Week-end des \u00e9toiles\u00a0\u00bb organis\u00e9 par Orion. Cet \u00e9v\u00e9nement aura lieu \u00e0 Fort l&rsquo;Ecluse les:<\/p>\n<p style=\"text-align: center;\"><strong> Samedi 30 et dimanche 31 juillet 2016<\/strong><\/p>\n<p><iframe loading=\"lazy\" style=\"border: 0;\" src=\"https:\/\/www.google.com\/maps\/embed?pb=!1m18!1m12!1m3!1d2765.5172547496995!2d5.890338015937655!3d46.12052549742904!2m3!1f0!2f0!3f0!3m2!1i1024!2i768!4f13.1!3m3!1m2!1s0x478c83e5b5c34801%3A0x64b8d9b1769190db!2sFort+l'Ecluse!5e0!3m2!1sfr!2sfr!4v1468777444742\" width=\"400\" height=\"300\" frameborder=\"0\" allowfullscreen=\"allowfullscreen\"><\/iframe><\/p>\n<p>Durant ce week-end, de nombreuses animations gratuites seront ouvertes au public:<\/p>\n<ul>\n<li>conf\u00e9rences,<\/li>\n<li>observation du soleil le jour,<\/li>\n<li>observation des \u00e9toiles et des plan\u00e8tes apr\u00e8s le coucher du soleil,<\/li>\n<li>etc.<\/li>\n<\/ul>\n<p>Notre soci\u00e9t\u00e9 donnera une conf\u00e9rence le samedi 30 juillet \u00e0 14h00 dont le th\u00e8me sera :<br \/>\n<em>L&rsquo;astronomie et la mesure du temps.<\/em><\/p>\n<p>Le d\u00e9pliant complet de cet \u00e9v\u00e9nement est accessible \u00e0 ce <strong><a href=\"https:\/\/www.astro-ge.net\/wordpress\/wp-content\/uploads\/2016\/07\/nuit-des-etoiles-2016-flyers.pdf\" target=\"_blank\">lien<\/a><\/strong>.<\/p>\n<p>Un r\u00e9sum\u00e9 d\u00e9taill\u00e9 est accessible sur le site de Fort l&rsquo;Ecluse \u00e0 ce <a href=\"http:\/\/www.cc-pays-de-gex.fr\/fortlecluse\/week-end-des-etoiles-samedi-30-et.html\" target=\"_blank\"><strong>lien<\/strong><\/a>.<\/p>\n<p><a href=\"https:\/\/www.astro-ge.net\/wordpress\/wp-content\/uploads\/2016\/07\/nuit_des_etoiles_2016-bc9ac.jpg\" rel=\"lightbox-0\"><img loading=\"lazy\" decoding=\"async\" class=\" size-full wp-image-2282 aligncenter\" src=\"https:\/\/www.astro-ge.net\/wordpress\/wp-content\/uploads\/2016\/07\/nuit_des_etoiles_2016-bc9ac.jpg\" alt=\"nuit_des_etoiles_2016-bc9ac\" width=\"349\" height=\"490\" \/><\/a><\/p>\n","protected":false},"excerpt":{"rendered":"<p>Bonjour \u00e0 tous, La Soci\u00e9t\u00e9 Astronomique de Gen\u00e8ve sera pr\u00e9sente au \u00ab\u00a0Week-end des \u00e9toiles\u00a0\u00bb organis\u00e9 par Orion. Cet \u00e9v\u00e9nement aura lieu \u00e0 Fort l&rsquo;Ecluse les: Samedi 30 et dimanche 31 juillet 2016 Durant ce week-end, de nombreuses animations gratuites seront &hellip; <a href=\"https:\/\/www.astro-ge.net\/?p=2281\">Continuer la lecture <span class=\"meta-nav\">&rarr;<\/span><\/a><\/p>\n","protected":false},"author":11,"featured_media":0,"comment_status":"closed","ping_status":"closed","sticky":false,"template":"","format":"standard","meta":{"footnotes":""},"categories":[8],"tags":[],"class_list":["post-2281","post","type-post","status-publish","format-standard","hentry","category-soirees_publiques"],"_links":{"self":[{"href":"https:\/\/www.astro-ge.net\/index.php?rest_route=\/wp\/v2\/posts\/2281","targetHints":{"allow":["GET"]}}],"collection":[{"href":"https:\/\/www.astro-ge.net\/index.php?rest_route=\/wp\/v2\/posts"}],"about":[{"href":"https:\/\/www.astro-ge.net\/index.php?rest_route=\/wp\/v2\/types\/post"}],"author":[{"embeddable":true,"href":"https:\/\/www.astro-ge.net\/index.php?rest_route=\/wp\/v2\/users\/11"}],"replies":[{"embeddable":true,"href":"https:\/\/www.astro-ge.net\/index.php?rest_route=%2Fwp%2Fv2%2Fcomments&post=2281"}],"version-history":[{"count":0,"href":"https:\/\/www.astro-ge.net\/index.php?rest_route=\/wp\/v2\/posts\/2281\/revisions"}],"wp:attachment":[{"href":"https:\/\/www.astro-ge.net\/index.php?rest_route=%2Fwp%2Fv2%2Fmedia&parent=2281"}],"wp:term":[{"taxonomy":"category","embeddable":true,"href":"https:\/\/www.astro-ge.net\/index.php?rest_route=%2Fwp%2Fv2%2Fcategories&post=2281"},{"taxonomy":"post_tag","embeddable":true,"href":"https:\/\/www.astro-ge.net\/index.php?rest_route=%2Fwp%2Fv2%2Ftags&post=2281"}],"curies":[{"name":"wp","href":"https:\/\/api.w.org\/{rel}","templated":true}]}}