{"id":2300,"date":"2016-07-30T09:00:40","date_gmt":"2016-07-30T08:00:40","guid":{"rendered":"http:\/\/www.astro-ge.net\/?p=2300"},"modified":"2016-08-05T09:20:33","modified_gmt":"2016-08-05T08:20:33","slug":"week-end-des-etoiles","status":"publish","type":"post","link":"https:\/\/www.astro-ge.net\/?p=2300","title":{"rendered":"Le week-end des \u00e9toiles a commenc\u00e9"},"content":{"rendered":"<p><iframe loading=\"lazy\" style=\"border: none; overflow: hidden; height: 80px;\" src=\"\/\/www.facebook.com\/plugins\/like.php?href=http%3A%2F%2Fwww.astro-ge.net%2F%3Fp%3D2300&amp;width&amp;layout=standard&amp;action=like&amp;show_faces=true&amp;share=true&amp;height=80\" width=\"300\" height=\"150\" frameborder=\"0\" scrolling=\"no\"><\/iframe><br \/>\nBonjour \u00e0 tous,<\/p>\n<p>Le week-end des \u00e9toiles \u00e0 Fort l&rsquo;Ecluse a commenc\u00e9 aujourd&rsquo;hui le samedi 30 juillet.<br \/>\nVoici le <a href=\"http:\/\/www.cc-pays-de-gex.fr\/fortlecluse\/IMG\/pdf\/2016-we_des_etoiles-_programme.pdf\" target=\"_blank\"><strong>programme<\/strong><\/a>.<\/p>\n<p><a href=\"https:\/\/www.astro-ge.net\/wordpress\/wp-content\/uploads\/2016\/07\/20160730_111400_resized.jpg\" rel=\"lightbox-0\"><img loading=\"lazy\" decoding=\"async\" class=\"alignnone  wp-image-2298\" src=\"https:\/\/www.astro-ge.net\/wordpress\/wp-content\/uploads\/2016\/07\/20160730_111400_resized.jpg\" alt=\"20160730_111400_resized\" width=\"649\" height=\"371\" \/><\/a><\/p>\n<p>avec les animateurs :<\/p>\n<p><a href=\"https:\/\/www.astro-ge.net\/wordpress\/wp-content\/uploads\/2016\/07\/IMG_4835_resized.jpg\" rel=\"lightbox-1\"><img loading=\"lazy\" decoding=\"async\" class=\"alignnone size-full wp-image-2302\" src=\"https:\/\/www.astro-ge.net\/wordpress\/wp-content\/uploads\/2016\/07\/IMG_4835_resized.jpg\" alt=\"IMG_4835_resized\" width=\"1600\" height=\"1065\" \/><\/a><br \/>\n<iframe loading=\"lazy\" style=\"border: 0;\" src=\"https:\/\/www.google.com\/maps\/embed?pb=!1m18!1m12!1m3!1d2765.5172547496995!2d5.890338015937655!3d46.12052549742904!2m3!1f0!2f0!3f0!3m2!1i1024!2i768!4f13.1!3m3!1m2!1s0x478c83e5b5c34801%3A0x64b8d9b1769190db!2sFort+l'Ecluse!5e0!3m2!1sfr!2sfr!4v1468777444742\" width=\"400\" height=\"300\" frameborder=\"0\" allowfullscreen=\"allowfullscreen\"><\/iframe><\/p>\n","protected":false},"excerpt":{"rendered":"<p>Bonjour \u00e0 tous, Le week-end des \u00e9toiles \u00e0 Fort l&rsquo;Ecluse a commenc\u00e9 aujourd&rsquo;hui le samedi 30 juillet. Voici le programme. avec les animateurs :<\/p>\n","protected":false},"author":11,"featured_media":0,"comment_status":"closed","ping_status":"closed","sticky":false,"template":"","format":"standard","meta":{"footnotes":""},"categories":[8],"tags":[],"class_list":["post-2300","post","type-post","status-publish","format-standard","hentry","category-soirees_publiques"],"_links":{"self":[{"href":"https:\/\/www.astro-ge.net\/index.php?rest_route=\/wp\/v2\/posts\/2300","targetHints":{"allow":["GET"]}}],"collection":[{"href":"https:\/\/www.astro-ge.net\/index.php?rest_route=\/wp\/v2\/posts"}],"about":[{"href":"https:\/\/www.astro-ge.net\/index.php?rest_route=\/wp\/v2\/types\/post"}],"author":[{"embeddable":true,"href":"https:\/\/www.astro-ge.net\/index.php?rest_route=\/wp\/v2\/users\/11"}],"replies":[{"embeddable":true,"href":"https:\/\/www.astro-ge.net\/index.php?rest_route=%2Fwp%2Fv2%2Fcomments&post=2300"}],"version-history":[{"count":0,"href":"https:\/\/www.astro-ge.net\/index.php?rest_route=\/wp\/v2\/posts\/2300\/revisions"}],"wp:attachment":[{"href":"https:\/\/www.astro-ge.net\/index.php?rest_route=%2Fwp%2Fv2%2Fmedia&parent=2300"}],"wp:term":[{"taxonomy":"category","embeddable":true,"href":"https:\/\/www.astro-ge.net\/index.php?rest_route=%2Fwp%2Fv2%2Fcategories&post=2300"},{"taxonomy":"post_tag","embeddable":true,"href":"https:\/\/www.astro-ge.net\/index.php?rest_route=%2Fwp%2Fv2%2Ftags&post=2300"}],"curies":[{"name":"wp","href":"https:\/\/api.w.org\/{rel}","templated":true}]}}