{"id":2587,"date":"2018-06-01T15:12:08","date_gmt":"2018-06-01T14:12:08","guid":{"rendered":"http:\/\/www.astro-ge.net\/?p=2587"},"modified":"2021-05-24T17:13:13","modified_gmt":"2021-05-24T16:13:13","slug":"la-nuit-est-belle-au-museum-dhistoire-naturelle-de-geneve","status":"publish","type":"post","link":"https:\/\/www.astro-ge.net\/?p=2587","title":{"rendered":"Exposition au Mus\u00e9um d&rsquo;Histoire Naturelle de Gen\u00e8ve"},"content":{"rendered":"<p><iframe loading=\"lazy\" style=\"border: none; overflow: hidden; height: 30px;\" src=\"\/\/www.facebook.com\/plugins\/like.php?href=http%3A%2F%2Fwww.astro-ge.net%2F%3Fp%3D2587&amp;width&amp;layout=standard&amp;action=like&amp;show_faces=true&amp;share=true&amp;height=80\" scrolling=\"no\" width=\"300\" height=\"150\" frameborder=\"0\"><span style=\"display: inline-block; width: 0px; overflow: hidden; line-height: 0;\" data-mce-type=\"bookmark\" class=\"mce_SELRES_start\">\ufeff<\/span><span style=\"display: inline-block; width: 0px; overflow: hidden; line-height: 0;\" data-mce-type=\"bookmark\" class=\"mce_SELRES_start\">\ufeff<\/span><span style=\"display: inline-block; width: 0px; overflow: hidden; line-height: 0;\" data-mce-type=\"bookmark\" class=\"mce_SELRES_start\">\ufeff<\/span><span style=\"display: inline-block; width: 0px; overflow: hidden; line-height: 0;\" data-mce-type=\"bookmark\" class=\"mce_SELRES_start\">\ufeff<\/span><span style=\"display: inline-block; width: 0px; overflow: hidden; line-height: 0;\" data-mce-type=\"bookmark\" class=\"mce_SELRES_start\">\ufeff<\/span><span style=\"display: inline-block; width: 0px; overflow: hidden; line-height: 0;\" data-mce-type=\"bookmark\" class=\"mce_SELRES_start\">\ufeff<\/span><span style=\"display: inline-block; width: 0px; overflow: hidden; line-height: 0;\" data-mce-type=\"bookmark\" class=\"mce_SELRES_start\">\ufeff<\/span><\/iframe><br \/>\n<strong>L\u2019exposition \u00abLa nuit est belle\u00bb <\/strong><br \/>\nCette exposition a pour l\u2019objectif est de mieux informer le public sur les enjeux qui se cachent derri\u00e8re la probl\u00e9matique des pollutions lumineuses, avec leurs impacts sur la biodiversit\u00e9 et m\u00eame sur notre sant\u00e9. Et pourquoi pas, inciter chacun et chacune \u00e0 agir \u00e0 sa mani\u00e8re pour\u2026 sauver la nuit!<\/p>\n<p>La nuit noire se fait grignoter par les lumi\u00e8res artificielles toujours plus nombreuses \u00e0 l\u2019\u00e9chelle de la plan\u00e8te, comme dans nos r\u00e9gions. Sous la pression des pollutions lumineuses &#8211; au cours des trente derni\u00e8res ann\u00e9es, les \u00e9clairages artificiels ont doubl\u00e9 &#8211; les paysages nocturnes naturels reculent et disparaissent ainsi que leurs richesses. Avec pour cons\u00e9quence, des d\u00e9g\u00e2ts collat\u00e9raux nombreux, tels que: une diminution de la biodiversit\u00e9, un appauvrissement de nos ciels nocturnes en \u00e9toiles visibles, des impacts sur notre sant\u00e9\u2026 et un formidable gaspillage d\u2019\u00e9nergie aux co\u00fbts de plus en plus \u00e9lev\u00e9s.<\/p>\n<p>Pour sensibiliser le public, le <a href=\"http:\/\/institutions.ville-geneve.ch\/fr\/mhn\/frontpage-promo\/la-nuit-est-belle\/\" target=\"_blank\" rel=\"noopener\">Mus\u00e9um d&rsquo;Histoire Naturelle de Gen\u00e8ve<\/a> fait intervenir divers sp\u00e9cialistes qui vous \u00e9clairent sur la pollution lumineuse dans un film original. Et en prolongement de l\u2019exposition, un parcours d\u00e9couverte ludique pour partir \u00e0 la rencontre des animaux nocturnes de nos r\u00e9gions et du monde entier vous est propos\u00e9 dans l\u2019ensemble de ses galeries. Par ailleurs, l\u2019ouvrage Ballet nocturne, Un regard sur les chauves-souris de l\u2019Arc jurassien du photographe et naturaliste Yves Bilat, para\u00eet \u00e0 cette occasion. Mais ce n\u2019est pas fini, l\u2019exposition sera suivie d\u00e8s la rentr\u00e9e, d\u2019un riche programme d\u2019animations.<\/p>\n<p><strong>Collaboration entre le Mus\u00e9um et la Soci\u00e9t\u00e9 Astronomique de Gen\u00e8ve<\/strong><br \/>\nLe Mus\u00e9um et la Soci\u00e9t\u00e9 Astronomique de Gen\u00e8ve, pr\u00e9curseurs dans cette th\u00e9matique o\u00f9 se m\u00ealent \u00e0 la fois science et soci\u00e9t\u00e9, ne comptent pas en rester l\u00e0! Ils ont m\u00eame un r\u00eave secret: proposer un grand \u00e9v\u00e9nement populaire d\u2019extinction momentan\u00e9e et simultan\u00e9e de tous les \u00e9clairages publics de la r\u00e9gion. De quoi rivaliser en image et attractivit\u00e9 avec les fameux feux d\u2019artifices de Gen\u00e8ve ou d\u2019Annecy!&nbsp;<\/p>\n<p><a href=\"http:\/\/institutions.ville-geneve.ch\/fileadmin\/user_upload\/mhn\/documents\/Museum\/programme_acrtivites_culturelles_La_nuit_est_belle_pdf\" target=\"_blank\" rel=\"noopener\"><strong>Le programme d\u00e9taill\u00e9 de l&rsquo;exposition est accessible \u00e0 ce lien<\/strong><\/a><\/p>\n<p><strong>Mus\u00e9um d&rsquo;Histoire Naturelle de Gen\u00e8ve<\/strong><br \/>\nRoute de Malagnou 1<br \/>\n1208 Gen\u00e8ve<br \/>\n&#8211; Ouvert du mardi au dimanche de 10h \u00e0 17h;<br \/>\n&#8211; Ferm\u00e9 le lundi, ainsi que les 25 d\u00e9cembre et jour de l&rsquo;An.<br \/>\n<iframe loading=\"lazy\" style=\"border: 0;\" src=\"https:\/\/www.google.com\/maps\/embed?pb=!1m18!1m12!1m3!1d2179.1937003432704!2d6.155849915747132!3d46.198809242145224!2m3!1f0!2f0!3f0!3m2!1i1024!2i768!4f13.1!3m3!1m2!1s0x478c6534eca5c76d%3A0x8cb8d63ea7a95008!2sMus%C3%A9um+d'Histoire+Naturelle!5e0!3m2!1sfr!2sch!4v1527862619352\" allowfullscreen=\"allowfullscreen\" width=\"600\" height=\"450\" frameborder=\"0\"><\/iframe><\/p>\n","protected":false},"excerpt":{"rendered":"<p>\ufeff\ufeff\ufeff\ufeff\ufeff\ufeff\ufeff L\u2019exposition \u00abLa nuit est belle\u00bb Cette exposition a pour l\u2019objectif est de mieux informer le public sur les enjeux qui se cachent derri\u00e8re la probl\u00e9matique des pollutions lumineuses, avec leurs impacts sur la biodiversit\u00e9 et m\u00eame sur notre sant\u00e9. &hellip; <a href=\"https:\/\/www.astro-ge.net\/?p=2587\">Continuer la lecture <span class=\"meta-nav\">&rarr;<\/span><\/a><\/p>\n","protected":false},"author":8,"featured_media":0,"comment_status":"closed","ping_status":"closed","sticky":false,"template":"","format":"standard","meta":{"footnotes":""},"categories":[24],"tags":[],"class_list":["post-2587","post","type-post","status-publish","format-standard","hentry","category-pollution_lumineuse"],"_links":{"self":[{"href":"https:\/\/www.astro-ge.net\/index.php?rest_route=\/wp\/v2\/posts\/2587","targetHints":{"allow":["GET"]}}],"collection":[{"href":"https:\/\/www.astro-ge.net\/index.php?rest_route=\/wp\/v2\/posts"}],"about":[{"href":"https:\/\/www.astro-ge.net\/index.php?rest_route=\/wp\/v2\/types\/post"}],"author":[{"embeddable":true,"href":"https:\/\/www.astro-ge.net\/index.php?rest_route=\/wp\/v2\/users\/8"}],"replies":[{"embeddable":true,"href":"https:\/\/www.astro-ge.net\/index.php?rest_route=%2Fwp%2Fv2%2Fcomments&post=2587"}],"version-history":[{"count":0,"href":"https:\/\/www.astro-ge.net\/index.php?rest_route=\/wp\/v2\/posts\/2587\/revisions"}],"wp:attachment":[{"href":"https:\/\/www.astro-ge.net\/index.php?rest_route=%2Fwp%2Fv2%2Fmedia&parent=2587"}],"wp:term":[{"taxonomy":"category","embeddable":true,"href":"https:\/\/www.astro-ge.net\/index.php?rest_route=%2Fwp%2Fv2%2Fcategories&post=2587"},{"taxonomy":"post_tag","embeddable":true,"href":"https:\/\/www.astro-ge.net\/index.php?rest_route=%2Fwp%2Fv2%2Ftags&post=2587"}],"curies":[{"name":"wp","href":"https:\/\/api.w.org\/{rel}","templated":true}]}}