{"id":814,"date":"2013-12-08T13:54:20","date_gmt":"2013-12-08T12:54:20","guid":{"rendered":"http:\/\/www.astro-ge.net\/?p=814"},"modified":"2015-03-28T11:51:56","modified_gmt":"2015-03-28T10:51:56","slug":"observation-au-signal-de-bernex-le-04-12-2013","status":"publish","type":"post","link":"https:\/\/www.astro-ge.net\/?p=814","title":{"rendered":"Observation au Signal de Bernex le 04.12.2013"},"content":{"rendered":"<p>La Soci\u00e9t\u00e9 Astronomique de Gen\u00e8ve a organis\u00e9 une soir\u00e9e publique d&rsquo;observation au signal de Bernex le mercredi 4 d\u00e9cembre 2013. Le bulletin m\u00e9t\u00e9o \u00e9tant favorable le matin m\u00eame, l\u2019\u00e9v\u00e9nement a donc \u00e9t\u00e9 confirm\u00e9 par une communication sur le site Internet vers 9h00 du matin.<\/p>\n<p>A l\u2019approche de l\u2019\u00e9v\u00e9nement un membre de notre soci\u00e9t\u00e9 s\u2019est rendu sur place et a constat\u00e9 une visibilit\u00e9 limit\u00e9 \u00e0 100 m\u00e8tres en raison de la brume. Il a aussit\u00f4t inform\u00e9 par email tous les membres de notre soci\u00e9t\u00e9 de la situation climatique. Suite \u00e0 cela, les appels qui ont \u00e9t\u00e9 re\u00e7us par la Soci\u00e9t\u00e9 Astronomique de Gen\u00e8ve sur son unique natel d\u2019astreinte, se sont sold\u00e9s par un \u00ab\u00a0d\u00e9sol\u00e9, c\u2019est couvert, nous annulons \u00e0 la derni\u00e8re minute\u00a0\u00bb.<\/p>\n<p>D\u2019autres membres de notre soci\u00e9t\u00e9 ont brav\u00e9 le climat et sont all\u00e9s sur place car l\u2019annonce des soir\u00e9es grand public avait \u00e9t\u00e9 faite tr\u00e8s largement (presse, radio). Voici leur histoire\u00a0:<\/p>\n<p>\u00ab\u00a0Nous sommes 4 \u00e0 avoir brav\u00e9 les \u00e9l\u00e9ments pour y aller malgr\u00e9 le brouillard.<\/p>\n<p>J&rsquo;ai parqu\u00e9 la voiture dans la brume vers 19h50 et, en regardant en l&rsquo;air, j&rsquo;ai vu quelques \u00e9toiles au z\u00e9nith\u00a0: Cassiop\u00e9e et Pers\u00e9e \u00e9taient facilement reconnaissables.<\/p>\n<p>Apr\u00e8s Marc est arriv\u00e9 et nous sommes mont\u00e9s au point d&rsquo;observation (tout en haut de la colline). Nous avons observ\u00e9 les constellations d&rsquo;\u00e9t\u00e9 en train de se coucher \u00e0 l\u2019horizon Ouest puis nous avons observ\u00e9 un certain nombre d&rsquo;objets de Messier dans nos jumelles.<\/p>\n<p>Comme la ville \u00e9tait sous le brouillard, le ciel \u00e9tait \u00e9tonnamment \u00e9toil\u00e9 pour le lieu qui est normalement tr\u00e8s pollu\u00e9 par la lumi\u00e8re. Faits rares, la Voie Lact\u00e9e \u00e9tait bien visible, M31 et le double amas de Pers\u00e9e-Cassiop\u00e9e \u00e9taient clairement perceptibles \u00e0 l&rsquo;oeil nu. En direction du sud, nous avons m\u00eame pu observer Fomalhaut presque sur l&rsquo;horizon. Inou\u00ef\u00a0!<\/p>\n<p>Nous avons \u00e9t\u00e9 rejoints un peu plus tard par Margaret et Peter avec ses jumelles 25&#215;100 mont\u00e9es sur un tr\u00e9pied Sachtler ACE L.<\/p>\n<p>A nouveau, nous avons fait un tour des principaux objets de Messier et du double amas avec \u00e0 pr\u00e9sent un instrument nettement plus puissant. Nous avons alors pu observer :<\/p>\n<ul>\n<li>des n\u00e9buleuses plan\u00e9taires M27 et M57 (petites, tout de m\u00eame),<\/li>\n<li>des amas ouverts\u00a0: les Pl\u00e9iades et les Hyades, M35, 36, 37, 38 et 39 (M34 plus t\u00f4t dans mes jumelles 10&#215;50) ainsi que Stock2 (non loin du double amas), Mel 20 (dans les 10&#215;50),<\/li>\n<li>une galaxie : M31,<\/li>\n<li>un amas globulaire\u00a0: M15.<\/li>\n<\/ul>\n<p>Sans compter nos multiples observations de la Grande N\u00e9buleuse d\u2019Orion M42 et de la plan\u00e8te g\u00e9ante Jupiter et ses quatre satellites galil\u00e9ens.<\/p>\n<p>Impossible toutefois de pointer M81, M82 et M1, les jumelles s&rsquo;\u00e9tant embu\u00e9es par la ros\u00e9e, donnant le signal du d\u00e9part.<\/p>\n<p>Ne manquait que le public (juste deux visiteurs et leur chien).<\/p>\n<p>Un merci particulier \u00e0 Margaret qui a pens\u00e9 \u00e0 prendre ses victuailles au sommet de la colline et qui nous a r\u00e9chauff\u00e9 avec du th\u00e9 et des biscuits parce qu&rsquo;il faisait tout de m\u00eame &#8211; 3\u00b0C sous ce superbe ciel \u00e9toil\u00e9.\u00a0\u00bb<\/p>\n<p>Katja Breda<br \/>\n<em>Membre du comit\u00e9 de la Soci\u00e9t\u00e9 Astronomique de Gen\u00e8ve<\/em><\/p>\n","protected":false},"excerpt":{"rendered":"<p>La Soci\u00e9t\u00e9 Astronomique de Gen\u00e8ve a organis\u00e9 une soir\u00e9e publique d&rsquo;observation au signal de Bernex le mercredi 4 d\u00e9cembre 2013. Le bulletin m\u00e9t\u00e9o \u00e9tant favorable le matin m\u00eame, l\u2019\u00e9v\u00e9nement a donc \u00e9t\u00e9 confirm\u00e9 par une communication sur le site Internet &hellip; <a href=\"https:\/\/www.astro-ge.net\/?p=814\">Continuer la lecture <span class=\"meta-nav\">&rarr;<\/span><\/a><\/p>\n","protected":false},"author":8,"featured_media":0,"comment_status":"closed","ping_status":"closed","sticky":false,"template":"","format":"standard","meta":{"footnotes":""},"categories":[11,8],"tags":[],"class_list":["post-814","post","type-post","status-publish","format-standard","hentry","category-croa","category-soirees_publiques"],"_links":{"self":[{"href":"https:\/\/www.astro-ge.net\/index.php?rest_route=\/wp\/v2\/posts\/814","targetHints":{"allow":["GET"]}}],"collection":[{"href":"https:\/\/www.astro-ge.net\/index.php?rest_route=\/wp\/v2\/posts"}],"about":[{"href":"https:\/\/www.astro-ge.net\/index.php?rest_route=\/wp\/v2\/types\/post"}],"author":[{"embeddable":true,"href":"https:\/\/www.astro-ge.net\/index.php?rest_route=\/wp\/v2\/users\/8"}],"replies":[{"embeddable":true,"href":"https:\/\/www.astro-ge.net\/index.php?rest_route=%2Fwp%2Fv2%2Fcomments&post=814"}],"version-history":[{"count":0,"href":"https:\/\/www.astro-ge.net\/index.php?rest_route=\/wp\/v2\/posts\/814\/revisions"}],"wp:attachment":[{"href":"https:\/\/www.astro-ge.net\/index.php?rest_route=%2Fwp%2Fv2%2Fmedia&parent=814"}],"wp:term":[{"taxonomy":"category","embeddable":true,"href":"https:\/\/www.astro-ge.net\/index.php?rest_route=%2Fwp%2Fv2%2Fcategories&post=814"},{"taxonomy":"post_tag","embeddable":true,"href":"https:\/\/www.astro-ge.net\/index.php?rest_route=%2Fwp%2Fv2%2Ftags&post=814"}],"curies":[{"name":"wp","href":"https:\/\/api.w.org\/{rel}","templated":true}]}}